{"id":3556,"date":"2021-06-06T09:50:51","date_gmt":"2021-06-06T07:50:51","guid":{"rendered":"https:\/\/www.iglou.cz\/?post_type=stories&#038;p=3556"},"modified":"2021-06-06T09:51:28","modified_gmt":"2021-06-06T07:51:28","slug":"lada-i-monika","status":"publish","type":"stories","link":"https:\/\/www.iglou.world\/pl\/stories\/lada-i-monika\/","title":{"rendered":"Lada i Monika"},"content":{"rendered":"\n<p>L\u00e1\u010fa jest bezdomnym od 27 lat. Ten 43- letni m\u0119\u017cczyzna cierpi na schizofreni\u0119, jego choroba nie pozwala mu pracowa\u0107. Wszystkie pieni\u0105dze z\u00a0renty przeznacza na leki, dodatkowo pr\u00f3buje zarobi\u0107 zbieraj\u0105c makulatur\u0119 i \u017celazo. W\u00a0dziurawym namiocie sp\u0119dza mro\u017ane noce. Wcze\u015bniej stara\u0142 si\u0119 spa\u0107 w noclegowni, ale ze wzgl\u0119du na sw\u00f3j stan, nie czu\u0142 si\u0119 tam zbyt dobrze\u2026 W tej zimie wsp\u00f3lnie z partnerk\u0105 Monik\u0105 testuj\u0105 dwa Iglou.<\/p>\n","protected":false},"excerpt":{"rendered":"<p>L\u00e1\u010fa jest bezdomnym od 27 lat. Ten 43- letni m\u0119\u017cczyzna cierpi na schizofreni\u0119, jego choroba nie pozwala mu pracowa\u0107. Wszystkie pieni\u0105dze z\u00a0renty przeznacza na leki, dodatkowo pr\u00f3buje zarobi\u0107 zbieraj\u0105c makulatur\u0119 i \u017celazo. W\u00a0dziurawym&#8230;<\/p>\n","protected":false},"featured_media":279,"template":"","class_list":["post-3556","stories","type-stories","status-publish","has-post-thumbnail","hentry"],"acf":[],"yoast_head":"<!-- This site is optimized with the Yoast SEO plugin v20.1 - https:\/\/yoast.com\/wordpress\/plugins\/seo\/ -->\n<title>Lada i Monika - Iglou<\/title>\n<meta name=\"robots\" content=\"index, follow, max-snippet:-1, max-image-preview:large, max-video-preview:-1\" \/>\n<link rel=\"canonical\" href=\"https:\/\/www.iglou.world\/pl\/stories\/lada-i-monika\/\" \/>\n<meta property=\"og:locale\" content=\"pl_PL\" \/>\n<meta property=\"og:type\" content=\"article\" \/>\n<meta property=\"og:title\" content=\"Lada i Monika - Iglou\" \/>\n<meta property=\"og:description\" content=\"L\u00e1\u010fa jest bezdomnym od 27 lat. Ten 43- letni m\u0119\u017cczyzna cierpi na schizofreni\u0119, jego choroba nie pozwala mu pracowa\u0107. Wszystkie pieni\u0105dze z\u00a0renty przeznacza na leki, dodatkowo pr\u00f3buje zarobi\u0107 zbieraj\u0105c makulatur\u0119 i \u017celazo. W\u00a0dziurawym...\" \/>\n<meta property=\"og:url\" content=\"https:\/\/www.iglou.world\/pl\/stories\/lada-i-monika\/\" \/>\n<meta property=\"og:site_name\" content=\"Iglou\" \/>\n<meta property=\"article:modified_time\" content=\"2021-06-06T07:51:28+00:00\" \/>\n<meta property=\"og:image\" content=\"https:\/\/www.iglou.world\/wp-content\/uploads\/2021\/03\/Lada-a-Monika.jpg\" \/>\n\t<meta property=\"og:image:width\" content=\"1599\" \/>\n\t<meta property=\"og:image:height\" content=\"2090\" \/>\n\t<meta property=\"og:image:type\" content=\"image\/jpeg\" \/>\n<meta name=\"twitter:card\" content=\"summary_large_image\" \/>\n<meta name=\"twitter:label1\" content=\"Szacowany czas czytania\" \/>\n\t<meta name=\"twitter:data1\" content=\"1 minuta\" \/>\n<script type=\"application\/ld+json\" class=\"yoast-schema-graph\">{\"@context\":\"https:\/\/schema.org\",\"@graph\":[{\"@type\":\"WebPage\",\"@id\":\"https:\/\/www.iglou.world\/pl\/stories\/lada-i-monika\/\",\"url\":\"https:\/\/www.iglou.world\/pl\/stories\/lada-i-monika\/\",\"name\":\"Lada i Monika - Iglou\",\"isPartOf\":{\"@id\":\"https:\/\/www.iglou.world\/pl\/#website\"},\"datePublished\":\"2021-06-06T07:50:51+00:00\",\"dateModified\":\"2021-06-06T07:51:28+00:00\",\"breadcrumb\":{\"@id\":\"https:\/\/www.iglou.world\/pl\/stories\/lada-i-monika\/#breadcrumb\"},\"inLanguage\":\"pl-PL\",\"potentialAction\":[{\"@type\":\"ReadAction\",\"target\":[\"https:\/\/www.iglou.world\/pl\/stories\/lada-i-monika\/\"]}]},{\"@type\":\"BreadcrumbList\",\"@id\":\"https:\/\/www.iglou.world\/pl\/stories\/lada-i-monika\/#breadcrumb\",\"itemListElement\":[{\"@type\":\"ListItem\",\"position\":1,\"name\":\"Dom\u016f\",\"item\":\"https:\/\/www.iglou.world\/pl\/\"},{\"@type\":\"ListItem\",\"position\":2,\"name\":\"Historie\",\"item\":\"https:\/\/www.iglou.world\/pl\/stories\/\"},{\"@type\":\"ListItem\",\"position\":3,\"name\":\"Lada i Monika\"}]},{\"@type\":\"WebSite\",\"@id\":\"https:\/\/www.iglou.world\/pl\/#website\",\"url\":\"https:\/\/www.iglou.world\/pl\/\",\"name\":\"Iglou\",\"description\":\"\",\"publisher\":{\"@id\":\"https:\/\/www.iglou.world\/pl\/#organization\"},\"potentialAction\":[{\"@type\":\"SearchAction\",\"target\":{\"@type\":\"EntryPoint\",\"urlTemplate\":\"https:\/\/www.iglou.world\/pl\/?s={search_term_string}\"},\"query-input\":\"required name=search_term_string\"}],\"inLanguage\":\"pl-PL\"},{\"@type\":\"Organization\",\"@id\":\"https:\/\/www.iglou.world\/pl\/#organization\",\"name\":\"Iglou\",\"url\":\"https:\/\/www.iglou.world\/pl\/\",\"logo\":{\"@type\":\"ImageObject\",\"inLanguage\":\"pl-PL\",\"@id\":\"https:\/\/www.iglou.world\/pl\/#\/schema\/logo\/image\/\",\"url\":\"https:\/\/www.iglou.world\/wp-content\/uploads\/2021\/03\/logo-iglou.svg\",\"contentUrl\":\"https:\/\/www.iglou.world\/wp-content\/uploads\/2021\/03\/logo-iglou.svg\",\"width\":156,\"height\":94,\"caption\":\"Iglou\"},\"image\":{\"@id\":\"https:\/\/www.iglou.world\/pl\/#\/schema\/logo\/image\/\"}}]}<\/script>\n<!-- \/ Yoast SEO plugin. -->","yoast_head_json":{"title":"Lada i Monika - Iglou","robots":{"index":"index","follow":"follow","max-snippet":"max-snippet:-1","max-image-preview":"max-image-preview:large","max-video-preview":"max-video-preview:-1"},"canonical":"https:\/\/www.iglou.world\/pl\/stories\/lada-i-monika\/","og_locale":"pl_PL","og_type":"article","og_title":"Lada i Monika - Iglou","og_description":"L\u00e1\u010fa jest bezdomnym od 27 lat. Ten 43- letni m\u0119\u017cczyzna cierpi na schizofreni\u0119, jego choroba nie pozwala mu pracowa\u0107. Wszystkie pieni\u0105dze z\u00a0renty przeznacza na leki, dodatkowo pr\u00f3buje zarobi\u0107 zbieraj\u0105c makulatur\u0119 i \u017celazo. W\u00a0dziurawym...","og_url":"https:\/\/www.iglou.world\/pl\/stories\/lada-i-monika\/","og_site_name":"Iglou","article_modified_time":"2021-06-06T07:51:28+00:00","og_image":[{"width":1599,"height":2090,"url":"https:\/\/www.iglou.world\/wp-content\/uploads\/2021\/03\/Lada-a-Monika.jpg","type":"image\/jpeg"}],"twitter_card":"summary_large_image","twitter_misc":{"Szacowany czas czytania":"1 minuta"},"schema":{"@context":"https:\/\/schema.org","@graph":[{"@type":"WebPage","@id":"https:\/\/www.iglou.world\/pl\/stories\/lada-i-monika\/","url":"https:\/\/www.iglou.world\/pl\/stories\/lada-i-monika\/","name":"Lada i Monika - Iglou","isPartOf":{"@id":"https:\/\/www.iglou.world\/pl\/#website"},"datePublished":"2021-06-06T07:50:51+00:00","dateModified":"2021-06-06T07:51:28+00:00","breadcrumb":{"@id":"https:\/\/www.iglou.world\/pl\/stories\/lada-i-monika\/#breadcrumb"},"inLanguage":"pl-PL","potentialAction":[{"@type":"ReadAction","target":["https:\/\/www.iglou.world\/pl\/stories\/lada-i-monika\/"]}]},{"@type":"BreadcrumbList","@id":"https:\/\/www.iglou.world\/pl\/stories\/lada-i-monika\/#breadcrumb","itemListElement":[{"@type":"ListItem","position":1,"name":"Dom\u016f","item":"https:\/\/www.iglou.world\/pl\/"},{"@type":"ListItem","position":2,"name":"Historie","item":"https:\/\/www.iglou.world\/pl\/stories\/"},{"@type":"ListItem","position":3,"name":"Lada i Monika"}]},{"@type":"WebSite","@id":"https:\/\/www.iglou.world\/pl\/#website","url":"https:\/\/www.iglou.world\/pl\/","name":"Iglou","description":"","publisher":{"@id":"https:\/\/www.iglou.world\/pl\/#organization"},"potentialAction":[{"@type":"SearchAction","target":{"@type":"EntryPoint","urlTemplate":"https:\/\/www.iglou.world\/pl\/?s={search_term_string}"},"query-input":"required name=search_term_string"}],"inLanguage":"pl-PL"},{"@type":"Organization","@id":"https:\/\/www.iglou.world\/pl\/#organization","name":"Iglou","url":"https:\/\/www.iglou.world\/pl\/","logo":{"@type":"ImageObject","inLanguage":"pl-PL","@id":"https:\/\/www.iglou.world\/pl\/#\/schema\/logo\/image\/","url":"https:\/\/www.iglou.world\/wp-content\/uploads\/2021\/03\/logo-iglou.svg","contentUrl":"https:\/\/www.iglou.world\/wp-content\/uploads\/2021\/03\/logo-iglou.svg","width":156,"height":94,"caption":"Iglou"},"image":{"@id":"https:\/\/www.iglou.world\/pl\/#\/schema\/logo\/image\/"}}]}},"_links":{"self":[{"href":"https:\/\/www.iglou.world\/pl\/wp-json\/wp\/v2\/stories\/3556","targetHints":{"allow":["GET"]}}],"collection":[{"href":"https:\/\/www.iglou.world\/pl\/wp-json\/wp\/v2\/stories"}],"about":[{"href":"https:\/\/www.iglou.world\/pl\/wp-json\/wp\/v2\/types\/stories"}],"version-history":[{"count":4,"href":"https:\/\/www.iglou.world\/pl\/wp-json\/wp\/v2\/stories\/3556\/revisions"}],"predecessor-version":[{"id":3560,"href":"https:\/\/www.iglou.world\/pl\/wp-json\/wp\/v2\/stories\/3556\/revisions\/3560"}],"wp:featuredmedia":[{"embeddable":true,"href":"https:\/\/www.iglou.world\/pl\/wp-json\/wp\/v2\/media\/279"}],"wp:attachment":[{"href":"https:\/\/www.iglou.world\/pl\/wp-json\/wp\/v2\/media?parent=3556"}],"curies":[{"name":"wp","href":"https:\/\/api.w.org\/{rel}","templated":true}]}}