{"id":3544,"date":"2021-06-06T09:33:09","date_gmt":"2021-06-06T07:33:09","guid":{"rendered":"https:\/\/www.iglou.cz\/?post_type=stories&#038;p=3544"},"modified":"2021-06-06T09:33:09","modified_gmt":"2021-06-06T07:33:09","slug":"pan-emil","status":"publish","type":"stories","link":"https:\/\/www.iglou.world\/pl\/stories\/pan-emil\/","title":{"rendered":"Pan Emil"},"content":{"rendered":"\n<p>Pan Emil od 26 lat \u017cyje na ulicy, ale od 10 nie korzysta z\u00a0\u017cadnej pomocy charytatywnej. Tegorocznej zimy Emil spa\u0142 w Iglou a\u017c do marca, do momentu, w kt\u00f3rym kto\u015b mu go rozci\u0105\u0142. B\u0119d\u0105c w Iglou Pan Emil przyzwyczai\u0142 si\u0119 do ciep\u0142a, suchego i mi\u0119kkiego miejsca i\u00a0dowiedzia\u0142 si\u0119, \u017ce komu\u015b mo\u017ce na nim zale\u017ce\u0107. U\u015bwiadomi\u0142 sobie, \u017ce nie chce ju\u017c wi\u0119cej spa\u0107 na dworze i\u00a0pragnie rozwi\u0105za\u0107 sw\u0105 sytuacj\u0119. Zacz\u0105\u0142 odwiedza\u0107 noclegowni\u0119, dzi\u0119ki Armii Zbawienia za\u0142atwi\u0142 sobie dow\u00f3d osobisty, wnioskowa\u0142 o\u00a0zasi\u0142ek i us\u0142ugi domu azylowego. Pracownikom terenowym nigdy nie uda\u0142o si\u0119 pom\u00f3c Panu Emilowi do tego stopnia, cieszy nas, \u017ce r\u00f3wnie\u017c w\u00a0tym przypadku Iglou mog\u0142o pom\u00f3c.&#8221;<\/p>\n","protected":false},"excerpt":{"rendered":"<p>Pan Emil od 26 lat \u017cyje na ulicy, ale od 10 nie korzysta z\u00a0\u017cadnej pomocy charytatywnej. Tegorocznej zimy Emil spa\u0142 w Iglou a\u017c do marca, do momentu, w kt\u00f3rym kto\u015b mu go rozci\u0105\u0142&#8230;.<\/p>\n","protected":false},"featured_media":287,"template":"","class_list":["post-3544","stories","type-stories","status-publish","has-post-thumbnail","hentry"],"acf":[],"yoast_head":"<!-- This site is optimized with the Yoast SEO plugin v20.1 - https:\/\/yoast.com\/wordpress\/plugins\/seo\/ -->\n<title>Pan Emil - Iglou<\/title>\n<meta name=\"robots\" content=\"index, follow, max-snippet:-1, max-image-preview:large, max-video-preview:-1\" \/>\n<link rel=\"canonical\" href=\"https:\/\/www.iglou.world\/pl\/stories\/pan-emil\/\" \/>\n<meta property=\"og:locale\" content=\"pl_PL\" \/>\n<meta property=\"og:type\" content=\"article\" \/>\n<meta property=\"og:title\" content=\"Pan Emil - Iglou\" \/>\n<meta property=\"og:description\" content=\"Pan Emil od 26 lat \u017cyje na ulicy, ale od 10 nie korzysta z\u00a0\u017cadnej pomocy charytatywnej. Tegorocznej zimy Emil spa\u0142 w Iglou a\u017c do marca, do momentu, w kt\u00f3rym kto\u015b mu go rozci\u0105\u0142....\" \/>\n<meta property=\"og:url\" content=\"https:\/\/www.iglou.world\/pl\/stories\/pan-emil\/\" \/>\n<meta property=\"og:site_name\" content=\"Iglou\" \/>\n<meta property=\"og:image\" content=\"https:\/\/www.iglou.world\/wp-content\/uploads\/2021\/03\/Pan-Emil-scaled.jpg\" \/>\n\t<meta property=\"og:image:width\" content=\"2560\" \/>\n\t<meta property=\"og:image:height\" content=\"1440\" \/>\n\t<meta property=\"og:image:type\" content=\"image\/jpeg\" \/>\n<meta name=\"twitter:card\" content=\"summary_large_image\" \/>\n<meta name=\"twitter:label1\" content=\"Szacowany czas czytania\" \/>\n\t<meta name=\"twitter:data1\" content=\"1 minuta\" \/>\n<script type=\"application\/ld+json\" class=\"yoast-schema-graph\">{\"@context\":\"https:\/\/schema.org\",\"@graph\":[{\"@type\":\"WebPage\",\"@id\":\"https:\/\/www.iglou.world\/pl\/stories\/pan-emil\/\",\"url\":\"https:\/\/www.iglou.world\/pl\/stories\/pan-emil\/\",\"name\":\"Pan Emil - Iglou\",\"isPartOf\":{\"@id\":\"https:\/\/www.iglou.world\/pl\/#website\"},\"datePublished\":\"2021-06-06T07:33:09+00:00\",\"dateModified\":\"2021-06-06T07:33:09+00:00\",\"breadcrumb\":{\"@id\":\"https:\/\/www.iglou.world\/pl\/stories\/pan-emil\/#breadcrumb\"},\"inLanguage\":\"pl-PL\",\"potentialAction\":[{\"@type\":\"ReadAction\",\"target\":[\"https:\/\/www.iglou.world\/pl\/stories\/pan-emil\/\"]}]},{\"@type\":\"BreadcrumbList\",\"@id\":\"https:\/\/www.iglou.world\/pl\/stories\/pan-emil\/#breadcrumb\",\"itemListElement\":[{\"@type\":\"ListItem\",\"position\":1,\"name\":\"Dom\u016f\",\"item\":\"https:\/\/www.iglou.world\/pl\/\"},{\"@type\":\"ListItem\",\"position\":2,\"name\":\"Historie\",\"item\":\"https:\/\/www.iglou.world\/pl\/stories\/\"},{\"@type\":\"ListItem\",\"position\":3,\"name\":\"Pan Emil\"}]},{\"@type\":\"WebSite\",\"@id\":\"https:\/\/www.iglou.world\/pl\/#website\",\"url\":\"https:\/\/www.iglou.world\/pl\/\",\"name\":\"Iglou\",\"description\":\"\",\"publisher\":{\"@id\":\"https:\/\/www.iglou.world\/pl\/#organization\"},\"potentialAction\":[{\"@type\":\"SearchAction\",\"target\":{\"@type\":\"EntryPoint\",\"urlTemplate\":\"https:\/\/www.iglou.world\/pl\/?s={search_term_string}\"},\"query-input\":\"required name=search_term_string\"}],\"inLanguage\":\"pl-PL\"},{\"@type\":\"Organization\",\"@id\":\"https:\/\/www.iglou.world\/pl\/#organization\",\"name\":\"Iglou\",\"url\":\"https:\/\/www.iglou.world\/pl\/\",\"logo\":{\"@type\":\"ImageObject\",\"inLanguage\":\"pl-PL\",\"@id\":\"https:\/\/www.iglou.world\/pl\/#\/schema\/logo\/image\/\",\"url\":\"https:\/\/www.iglou.world\/wp-content\/uploads\/2021\/03\/logo-iglou.svg\",\"contentUrl\":\"https:\/\/www.iglou.world\/wp-content\/uploads\/2021\/03\/logo-iglou.svg\",\"width\":156,\"height\":94,\"caption\":\"Iglou\"},\"image\":{\"@id\":\"https:\/\/www.iglou.world\/pl\/#\/schema\/logo\/image\/\"}}]}<\/script>\n<!-- \/ Yoast SEO plugin. -->","yoast_head_json":{"title":"Pan Emil - Iglou","robots":{"index":"index","follow":"follow","max-snippet":"max-snippet:-1","max-image-preview":"max-image-preview:large","max-video-preview":"max-video-preview:-1"},"canonical":"https:\/\/www.iglou.world\/pl\/stories\/pan-emil\/","og_locale":"pl_PL","og_type":"article","og_title":"Pan Emil - Iglou","og_description":"Pan Emil od 26 lat \u017cyje na ulicy, ale od 10 nie korzysta z\u00a0\u017cadnej pomocy charytatywnej. Tegorocznej zimy Emil spa\u0142 w Iglou a\u017c do marca, do momentu, w kt\u00f3rym kto\u015b mu go rozci\u0105\u0142....","og_url":"https:\/\/www.iglou.world\/pl\/stories\/pan-emil\/","og_site_name":"Iglou","og_image":[{"width":2560,"height":1440,"url":"https:\/\/www.iglou.world\/wp-content\/uploads\/2021\/03\/Pan-Emil-scaled.jpg","type":"image\/jpeg"}],"twitter_card":"summary_large_image","twitter_misc":{"Szacowany czas czytania":"1 minuta"},"schema":{"@context":"https:\/\/schema.org","@graph":[{"@type":"WebPage","@id":"https:\/\/www.iglou.world\/pl\/stories\/pan-emil\/","url":"https:\/\/www.iglou.world\/pl\/stories\/pan-emil\/","name":"Pan Emil - Iglou","isPartOf":{"@id":"https:\/\/www.iglou.world\/pl\/#website"},"datePublished":"2021-06-06T07:33:09+00:00","dateModified":"2021-06-06T07:33:09+00:00","breadcrumb":{"@id":"https:\/\/www.iglou.world\/pl\/stories\/pan-emil\/#breadcrumb"},"inLanguage":"pl-PL","potentialAction":[{"@type":"ReadAction","target":["https:\/\/www.iglou.world\/pl\/stories\/pan-emil\/"]}]},{"@type":"BreadcrumbList","@id":"https:\/\/www.iglou.world\/pl\/stories\/pan-emil\/#breadcrumb","itemListElement":[{"@type":"ListItem","position":1,"name":"Dom\u016f","item":"https:\/\/www.iglou.world\/pl\/"},{"@type":"ListItem","position":2,"name":"Historie","item":"https:\/\/www.iglou.world\/pl\/stories\/"},{"@type":"ListItem","position":3,"name":"Pan Emil"}]},{"@type":"WebSite","@id":"https:\/\/www.iglou.world\/pl\/#website","url":"https:\/\/www.iglou.world\/pl\/","name":"Iglou","description":"","publisher":{"@id":"https:\/\/www.iglou.world\/pl\/#organization"},"potentialAction":[{"@type":"SearchAction","target":{"@type":"EntryPoint","urlTemplate":"https:\/\/www.iglou.world\/pl\/?s={search_term_string}"},"query-input":"required name=search_term_string"}],"inLanguage":"pl-PL"},{"@type":"Organization","@id":"https:\/\/www.iglou.world\/pl\/#organization","name":"Iglou","url":"https:\/\/www.iglou.world\/pl\/","logo":{"@type":"ImageObject","inLanguage":"pl-PL","@id":"https:\/\/www.iglou.world\/pl\/#\/schema\/logo\/image\/","url":"https:\/\/www.iglou.world\/wp-content\/uploads\/2021\/03\/logo-iglou.svg","contentUrl":"https:\/\/www.iglou.world\/wp-content\/uploads\/2021\/03\/logo-iglou.svg","width":156,"height":94,"caption":"Iglou"},"image":{"@id":"https:\/\/www.iglou.world\/pl\/#\/schema\/logo\/image\/"}}]}},"_links":{"self":[{"href":"https:\/\/www.iglou.world\/pl\/wp-json\/wp\/v2\/stories\/3544","targetHints":{"allow":["GET"]}}],"collection":[{"href":"https:\/\/www.iglou.world\/pl\/wp-json\/wp\/v2\/stories"}],"about":[{"href":"https:\/\/www.iglou.world\/pl\/wp-json\/wp\/v2\/types\/stories"}],"version-history":[{"count":2,"href":"https:\/\/www.iglou.world\/pl\/wp-json\/wp\/v2\/stories\/3544\/revisions"}],"predecessor-version":[{"id":3546,"href":"https:\/\/www.iglou.world\/pl\/wp-json\/wp\/v2\/stories\/3544\/revisions\/3546"}],"wp:featuredmedia":[{"embeddable":true,"href":"https:\/\/www.iglou.world\/pl\/wp-json\/wp\/v2\/media\/287"}],"wp:attachment":[{"href":"https:\/\/www.iglou.world\/pl\/wp-json\/wp\/v2\/media?parent=3544"}],"curies":[{"name":"wp","href":"https:\/\/api.w.org\/{rel}","templated":true}]}}