{"id":2835,"date":"2021-05-22T21:30:41","date_gmt":"2021-05-22T19:30:41","guid":{"rendered":"https:\/\/www.iglou.cz\/pribehy\/mr-vlada\/"},"modified":"2021-06-06T09:30:59","modified_gmt":"2021-06-06T07:30:59","slug":"mr-vlada","status":"publish","type":"stories","link":"https:\/\/www.iglou.world\/pl\/stories\/mr-vlada\/","title":{"rendered":"Pan Vl\u00e1\u010fa"},"content":{"rendered":"<p>Pan Vl\u00e1\u010fa mieszka\u0142 z \u017con\u0105 i jednym z przyjaci\u00f3\u0142 w chacie. Pod koniec 2018 roku odkry\u0142, \u017ce ma nieuleczalnego raka. Do tego na pocz\u0105tku 2019 roku lekarze zdiagnozowali u jego \u017cony raka szyjki macicy i wkr\u00f3tce potem zmar\u0142a. Rz\u0105d by\u0142 smutny i przygn\u0119biony. Pr\u00f3buj\u0105c by\u0107 pomocnym, zaprosi\u0142 swojego przyjaciela i dziewczyn\u0119, aby wprowadzili si\u0119 z nim do jego chaty. W ko\u0144cu zmusili go do wyprowadzki. Vl\u00e1\u010fa zacz\u0119\u0142a mieszka\u0107 pod mostem, co by\u0142o nieszcz\u0119\u015bliwe. Po Nowym Roku skontaktowa\u0142 si\u0119 z streetworkerami Armii Zbawienia i zapyta\u0142, czy m\u00f3g\u0142by dosta\u0107 Iglou. Nie mo\u017cemy zacz\u0105\u0107 opisywa\u0107, jak bardzo wzruszy\u0142a nas historia Vl\u00e1\u010fy, ale cieszymy si\u0119, \u017ce to nasze Iglou ogrzewa go!<\/p>\n","protected":false},"excerpt":{"rendered":"<p>Pan Vl\u00e1\u010fa mieszka\u0142 z \u017con\u0105 i jednym z przyjaci\u00f3\u0142 w chacie. Pod koniec 2018 roku odkry\u0142, \u017ce ma nieuleczalnego raka. Do tego na pocz\u0105tku 2019 roku lekarze zdiagnozowali u jego \u017cony raka szyjki&#8230;<\/p>\n","protected":false},"featured_media":295,"template":"","class_list":["post-2835","stories","type-stories","status-publish","has-post-thumbnail","hentry"],"acf":[],"yoast_head":"<!-- This site is optimized with the Yoast SEO plugin v20.1 - https:\/\/yoast.com\/wordpress\/plugins\/seo\/ -->\n<title>Pan Vl\u00e1\u010fa - Iglou<\/title>\n<meta name=\"robots\" content=\"index, follow, max-snippet:-1, max-image-preview:large, max-video-preview:-1\" \/>\n<link rel=\"canonical\" href=\"https:\/\/www.iglou.world\/pl\/stories\/mr-vlada\/\" \/>\n<meta property=\"og:locale\" content=\"pl_PL\" \/>\n<meta property=\"og:type\" content=\"article\" \/>\n<meta property=\"og:title\" content=\"Pan Vl\u00e1\u010fa - Iglou\" \/>\n<meta property=\"og:description\" content=\"Pan Vl\u00e1\u010fa mieszka\u0142 z \u017con\u0105 i jednym z przyjaci\u00f3\u0142 w chacie. Pod koniec 2018 roku odkry\u0142, \u017ce ma nieuleczalnego raka. Do tego na pocz\u0105tku 2019 roku lekarze zdiagnozowali u jego \u017cony raka szyjki...\" \/>\n<meta property=\"og:url\" content=\"https:\/\/www.iglou.world\/pl\/stories\/mr-vlada\/\" \/>\n<meta property=\"og:site_name\" content=\"Iglou\" \/>\n<meta property=\"article:modified_time\" content=\"2021-06-06T07:30:59+00:00\" \/>\n<meta property=\"og:image\" content=\"https:\/\/www.iglou.world\/wp-content\/uploads\/2021\/03\/Pan-Vlada-scaled.jpg\" \/>\n\t<meta property=\"og:image:width\" content=\"2560\" \/>\n\t<meta property=\"og:image:height\" content=\"1920\" \/>\n\t<meta property=\"og:image:type\" content=\"image\/jpeg\" \/>\n<meta name=\"twitter:card\" content=\"summary_large_image\" \/>\n<meta name=\"twitter:label1\" content=\"Szacowany czas czytania\" \/>\n\t<meta name=\"twitter:data1\" content=\"1 minuta\" \/>\n<script type=\"application\/ld+json\" class=\"yoast-schema-graph\">{\"@context\":\"https:\/\/schema.org\",\"@graph\":[{\"@type\":\"WebPage\",\"@id\":\"https:\/\/www.iglou.world\/pl\/stories\/mr-vlada\/\",\"url\":\"https:\/\/www.iglou.world\/pl\/stories\/mr-vlada\/\",\"name\":\"Pan Vl\u00e1\u010fa - Iglou\",\"isPartOf\":{\"@id\":\"https:\/\/www.iglou.fr\/fr\/#website\"},\"datePublished\":\"2021-05-22T19:30:41+00:00\",\"dateModified\":\"2021-06-06T07:30:59+00:00\",\"breadcrumb\":{\"@id\":\"https:\/\/www.iglou.world\/pl\/stories\/mr-vlada\/#breadcrumb\"},\"inLanguage\":\"pl-PL\",\"potentialAction\":[{\"@type\":\"ReadAction\",\"target\":[\"https:\/\/www.iglou.world\/pl\/stories\/mr-vlada\/\"]}]},{\"@type\":\"BreadcrumbList\",\"@id\":\"https:\/\/www.iglou.world\/pl\/stories\/mr-vlada\/#breadcrumb\",\"itemListElement\":[{\"@type\":\"ListItem\",\"position\":1,\"name\":\"Dom\u016f\",\"item\":\"https:\/\/www.iglou.world\/pl\/\"},{\"@type\":\"ListItem\",\"position\":2,\"name\":\"Historie\",\"item\":\"https:\/\/www.iglou.world\/pl\/stories\/\"},{\"@type\":\"ListItem\",\"position\":3,\"name\":\"Pan Vl\u00e1\u010fa\"}]},{\"@type\":\"WebSite\",\"@id\":\"https:\/\/www.iglou.fr\/fr\/#website\",\"url\":\"https:\/\/www.iglou.fr\/fr\/\",\"name\":\"Iglou\",\"description\":\"\",\"publisher\":{\"@id\":\"https:\/\/www.iglou.fr\/fr\/#organization\"},\"potentialAction\":[{\"@type\":\"SearchAction\",\"target\":{\"@type\":\"EntryPoint\",\"urlTemplate\":\"https:\/\/www.iglou.fr\/fr\/?s={search_term_string}\"},\"query-input\":\"required name=search_term_string\"}],\"inLanguage\":\"pl-PL\"},{\"@type\":\"Organization\",\"@id\":\"https:\/\/www.iglou.fr\/fr\/#organization\",\"name\":\"Iglou\",\"url\":\"https:\/\/www.iglou.fr\/fr\/\",\"logo\":{\"@type\":\"ImageObject\",\"inLanguage\":\"pl-PL\",\"@id\":\"https:\/\/www.iglou.fr\/fr\/#\/schema\/logo\/image\/\",\"url\":\"https:\/\/www.iglou.world\/wp-content\/uploads\/2021\/03\/logo-iglou.svg\",\"contentUrl\":\"https:\/\/www.iglou.world\/wp-content\/uploads\/2021\/03\/logo-iglou.svg\",\"width\":156,\"height\":94,\"caption\":\"Iglou\"},\"image\":{\"@id\":\"https:\/\/www.iglou.fr\/fr\/#\/schema\/logo\/image\/\"}}]}<\/script>\n<!-- \/ Yoast SEO plugin. -->","yoast_head_json":{"title":"Pan Vl\u00e1\u010fa - Iglou","robots":{"index":"index","follow":"follow","max-snippet":"max-snippet:-1","max-image-preview":"max-image-preview:large","max-video-preview":"max-video-preview:-1"},"canonical":"https:\/\/www.iglou.world\/pl\/stories\/mr-vlada\/","og_locale":"pl_PL","og_type":"article","og_title":"Pan Vl\u00e1\u010fa - Iglou","og_description":"Pan Vl\u00e1\u010fa mieszka\u0142 z \u017con\u0105 i jednym z przyjaci\u00f3\u0142 w chacie. Pod koniec 2018 roku odkry\u0142, \u017ce ma nieuleczalnego raka. Do tego na pocz\u0105tku 2019 roku lekarze zdiagnozowali u jego \u017cony raka szyjki...","og_url":"https:\/\/www.iglou.world\/pl\/stories\/mr-vlada\/","og_site_name":"Iglou","article_modified_time":"2021-06-06T07:30:59+00:00","og_image":[{"width":2560,"height":1920,"url":"https:\/\/www.iglou.world\/wp-content\/uploads\/2021\/03\/Pan-Vlada-scaled.jpg","type":"image\/jpeg"}],"twitter_card":"summary_large_image","twitter_misc":{"Szacowany czas czytania":"1 minuta"},"schema":{"@context":"https:\/\/schema.org","@graph":[{"@type":"WebPage","@id":"https:\/\/www.iglou.world\/pl\/stories\/mr-vlada\/","url":"https:\/\/www.iglou.world\/pl\/stories\/mr-vlada\/","name":"Pan Vl\u00e1\u010fa - Iglou","isPartOf":{"@id":"https:\/\/www.iglou.fr\/fr\/#website"},"datePublished":"2021-05-22T19:30:41+00:00","dateModified":"2021-06-06T07:30:59+00:00","breadcrumb":{"@id":"https:\/\/www.iglou.world\/pl\/stories\/mr-vlada\/#breadcrumb"},"inLanguage":"pl-PL","potentialAction":[{"@type":"ReadAction","target":["https:\/\/www.iglou.world\/pl\/stories\/mr-vlada\/"]}]},{"@type":"BreadcrumbList","@id":"https:\/\/www.iglou.world\/pl\/stories\/mr-vlada\/#breadcrumb","itemListElement":[{"@type":"ListItem","position":1,"name":"Dom\u016f","item":"https:\/\/www.iglou.world\/pl\/"},{"@type":"ListItem","position":2,"name":"Historie","item":"https:\/\/www.iglou.world\/pl\/stories\/"},{"@type":"ListItem","position":3,"name":"Pan Vl\u00e1\u010fa"}]},{"@type":"WebSite","@id":"https:\/\/www.iglou.fr\/fr\/#website","url":"https:\/\/www.iglou.fr\/fr\/","name":"Iglou","description":"","publisher":{"@id":"https:\/\/www.iglou.fr\/fr\/#organization"},"potentialAction":[{"@type":"SearchAction","target":{"@type":"EntryPoint","urlTemplate":"https:\/\/www.iglou.fr\/fr\/?s={search_term_string}"},"query-input":"required name=search_term_string"}],"inLanguage":"pl-PL"},{"@type":"Organization","@id":"https:\/\/www.iglou.fr\/fr\/#organization","name":"Iglou","url":"https:\/\/www.iglou.fr\/fr\/","logo":{"@type":"ImageObject","inLanguage":"pl-PL","@id":"https:\/\/www.iglou.fr\/fr\/#\/schema\/logo\/image\/","url":"https:\/\/www.iglou.world\/wp-content\/uploads\/2021\/03\/logo-iglou.svg","contentUrl":"https:\/\/www.iglou.world\/wp-content\/uploads\/2021\/03\/logo-iglou.svg","width":156,"height":94,"caption":"Iglou"},"image":{"@id":"https:\/\/www.iglou.fr\/fr\/#\/schema\/logo\/image\/"}}]}},"_links":{"self":[{"href":"https:\/\/www.iglou.world\/pl\/wp-json\/wp\/v2\/stories\/2835","targetHints":{"allow":["GET"]}}],"collection":[{"href":"https:\/\/www.iglou.world\/pl\/wp-json\/wp\/v2\/stories"}],"about":[{"href":"https:\/\/www.iglou.world\/pl\/wp-json\/wp\/v2\/types\/stories"}],"version-history":[{"count":3,"href":"https:\/\/www.iglou.world\/pl\/wp-json\/wp\/v2\/stories\/2835\/revisions"}],"predecessor-version":[{"id":3543,"href":"https:\/\/www.iglou.world\/pl\/wp-json\/wp\/v2\/stories\/2835\/revisions\/3543"}],"wp:featuredmedia":[{"embeddable":true,"href":"https:\/\/www.iglou.world\/pl\/wp-json\/wp\/v2\/media\/295"}],"wp:attachment":[{"href":"https:\/\/www.iglou.world\/pl\/wp-json\/wp\/v2\/media?parent=2835"}],"curies":[{"name":"wp","href":"https:\/\/api.w.org\/{rel}","templated":true}]}}