{"id":1824,"date":"2021-03-18T08:03:41","date_gmt":"2021-03-18T07:03:41","guid":{"rendered":"https:\/\/www.iglou.cz\/pribehy\/lada-a-monika\/"},"modified":"2021-05-23T17:45:03","modified_gmt":"2021-05-23T15:45:03","slug":"lada-a-monika","status":"publish","type":"stories","link":"https:\/\/www.iglou.world\/de\/stories\/lada-a-monika\/","title":{"rendered":"L\u00e1\u010fa und Monika"},"content":{"rendered":"\n<p>Lada lebt seit 28 Jahren auf der Stra\u00dfe. Dieser 44 Jahre alte Mann leidet an Schizophrenie und kann deswegen nicht arbeiten. Seine komplette Berufsunf\u00e4higkeitsrente braucht er um seine Medikamente zu bezahlen, zus\u00e4tzlich sammelt er Papier und Metall um diese weiterzuverkaufen. Seine N\u00e4chte verbringt er in einem alten Zelt mit L\u00f6chern. Er trinkt keinen Alkohol und raucht nicht. Diesen Winter testet er mit seiner Freundin Monika zwei Iglous.<\/p>\n","protected":false},"excerpt":{"rendered":"<p>Lada lebt seit 28 Jahren auf der Stra\u00dfe. Dieser 44 Jahre alte Mann leidet an Schizophrenie und kann deswegen nicht arbeiten. Seine komplette Berufsunf\u00e4higkeitsrente braucht er um seine Medikamente zu bezahlen, zus\u00e4tzlich sammelt&#8230;<\/p>\n","protected":false},"featured_media":277,"template":"","class_list":["post-1824","stories","type-stories","status-publish","has-post-thumbnail","hentry"],"acf":[],"yoast_head":"<!-- This site is optimized with the Yoast SEO plugin v20.1 - https:\/\/yoast.com\/wordpress\/plugins\/seo\/ -->\n<title>L\u00e1\u010fa und Monika - Iglou<\/title>\n<meta name=\"robots\" content=\"index, follow, max-snippet:-1, max-image-preview:large, max-video-preview:-1\" \/>\n<link rel=\"canonical\" href=\"https:\/\/www.iglou.world\/de\/stories\/lada-a-monika\/\" \/>\n<meta property=\"og:locale\" content=\"de_DE\" \/>\n<meta property=\"og:type\" content=\"article\" \/>\n<meta property=\"og:title\" content=\"L\u00e1\u010fa und Monika - Iglou\" \/>\n<meta property=\"og:description\" content=\"Lada lebt seit 28 Jahren auf der Stra\u00dfe. Dieser 44 Jahre alte Mann leidet an Schizophrenie und kann deswegen nicht arbeiten. Seine komplette Berufsunf\u00e4higkeitsrente braucht er um seine Medikamente zu bezahlen, zus\u00e4tzlich sammelt...\" \/>\n<meta property=\"og:url\" content=\"https:\/\/www.iglou.world\/de\/stories\/lada-a-monika\/\" \/>\n<meta property=\"og:site_name\" content=\"Iglou\" \/>\n<meta property=\"article:modified_time\" content=\"2021-05-23T15:45:03+00:00\" \/>\n<meta property=\"og:image\" content=\"https:\/\/www.iglou.world\/wp-content\/uploads\/2021\/03\/Lada-a-Monika.jpg\" \/>\n\t<meta property=\"og:image:width\" content=\"1599\" \/>\n\t<meta property=\"og:image:height\" content=\"2090\" \/>\n\t<meta property=\"og:image:type\" content=\"image\/jpeg\" \/>\n<meta name=\"twitter:card\" content=\"summary_large_image\" \/>\n<meta name=\"twitter:label1\" content=\"Gesch\u00e4tzte Lesezeit\" \/>\n\t<meta name=\"twitter:data1\" content=\"1\u00a0Minute\" \/>\n<script type=\"application\/ld+json\" class=\"yoast-schema-graph\">{\"@context\":\"https:\/\/schema.org\",\"@graph\":[{\"@type\":\"WebPage\",\"@id\":\"https:\/\/www.iglou.world\/de\/stories\/lada-a-monika\/\",\"url\":\"https:\/\/www.iglou.world\/de\/stories\/lada-a-monika\/\",\"name\":\"L\u00e1\u010fa und Monika - Iglou\",\"isPartOf\":{\"@id\":\"https:\/\/www.iglou.fr\/fr\/#website\"},\"datePublished\":\"2021-03-18T07:03:41+00:00\",\"dateModified\":\"2021-05-23T15:45:03+00:00\",\"breadcrumb\":{\"@id\":\"https:\/\/www.iglou.world\/de\/stories\/lada-a-monika\/#breadcrumb\"},\"inLanguage\":\"de\",\"potentialAction\":[{\"@type\":\"ReadAction\",\"target\":[\"https:\/\/www.iglou.world\/de\/stories\/lada-a-monika\/\"]}]},{\"@type\":\"BreadcrumbList\",\"@id\":\"https:\/\/www.iglou.world\/de\/stories\/lada-a-monika\/#breadcrumb\",\"itemListElement\":[{\"@type\":\"ListItem\",\"position\":1,\"name\":\"Dom\u016f\",\"item\":\"https:\/\/www.iglou.world\/de\/\"},{\"@type\":\"ListItem\",\"position\":2,\"name\":\"Geschichten\",\"item\":\"https:\/\/www.iglou.world\/de\/stories\/\"},{\"@type\":\"ListItem\",\"position\":3,\"name\":\"L\u00e1\u010fa und Monika\"}]},{\"@type\":\"WebSite\",\"@id\":\"https:\/\/www.iglou.fr\/fr\/#website\",\"url\":\"https:\/\/www.iglou.fr\/fr\/\",\"name\":\"Iglou\",\"description\":\"\",\"publisher\":{\"@id\":\"https:\/\/www.iglou.fr\/fr\/#organization\"},\"potentialAction\":[{\"@type\":\"SearchAction\",\"target\":{\"@type\":\"EntryPoint\",\"urlTemplate\":\"https:\/\/www.iglou.fr\/fr\/?s={search_term_string}\"},\"query-input\":\"required name=search_term_string\"}],\"inLanguage\":\"de\"},{\"@type\":\"Organization\",\"@id\":\"https:\/\/www.iglou.fr\/fr\/#organization\",\"name\":\"Iglou\",\"url\":\"https:\/\/www.iglou.fr\/fr\/\",\"logo\":{\"@type\":\"ImageObject\",\"inLanguage\":\"de\",\"@id\":\"https:\/\/www.iglou.fr\/fr\/#\/schema\/logo\/image\/\",\"url\":\"https:\/\/www.iglou.world\/wp-content\/uploads\/2021\/03\/logo-iglou.svg\",\"contentUrl\":\"https:\/\/www.iglou.world\/wp-content\/uploads\/2021\/03\/logo-iglou.svg\",\"width\":156,\"height\":94,\"caption\":\"Iglou\"},\"image\":{\"@id\":\"https:\/\/www.iglou.fr\/fr\/#\/schema\/logo\/image\/\"}}]}<\/script>\n<!-- \/ Yoast SEO plugin. -->","yoast_head_json":{"title":"L\u00e1\u010fa und Monika - Iglou","robots":{"index":"index","follow":"follow","max-snippet":"max-snippet:-1","max-image-preview":"max-image-preview:large","max-video-preview":"max-video-preview:-1"},"canonical":"https:\/\/www.iglou.world\/de\/stories\/lada-a-monika\/","og_locale":"de_DE","og_type":"article","og_title":"L\u00e1\u010fa und Monika - Iglou","og_description":"Lada lebt seit 28 Jahren auf der Stra\u00dfe. Dieser 44 Jahre alte Mann leidet an Schizophrenie und kann deswegen nicht arbeiten. Seine komplette Berufsunf\u00e4higkeitsrente braucht er um seine Medikamente zu bezahlen, zus\u00e4tzlich sammelt...","og_url":"https:\/\/www.iglou.world\/de\/stories\/lada-a-monika\/","og_site_name":"Iglou","article_modified_time":"2021-05-23T15:45:03+00:00","og_image":[{"width":1599,"height":2090,"url":"https:\/\/www.iglou.world\/wp-content\/uploads\/2021\/03\/Lada-a-Monika.jpg","type":"image\/jpeg"}],"twitter_card":"summary_large_image","twitter_misc":{"Gesch\u00e4tzte Lesezeit":"1\u00a0Minute"},"schema":{"@context":"https:\/\/schema.org","@graph":[{"@type":"WebPage","@id":"https:\/\/www.iglou.world\/de\/stories\/lada-a-monika\/","url":"https:\/\/www.iglou.world\/de\/stories\/lada-a-monika\/","name":"L\u00e1\u010fa und Monika - Iglou","isPartOf":{"@id":"https:\/\/www.iglou.fr\/fr\/#website"},"datePublished":"2021-03-18T07:03:41+00:00","dateModified":"2021-05-23T15:45:03+00:00","breadcrumb":{"@id":"https:\/\/www.iglou.world\/de\/stories\/lada-a-monika\/#breadcrumb"},"inLanguage":"de","potentialAction":[{"@type":"ReadAction","target":["https:\/\/www.iglou.world\/de\/stories\/lada-a-monika\/"]}]},{"@type":"BreadcrumbList","@id":"https:\/\/www.iglou.world\/de\/stories\/lada-a-monika\/#breadcrumb","itemListElement":[{"@type":"ListItem","position":1,"name":"Dom\u016f","item":"https:\/\/www.iglou.world\/de\/"},{"@type":"ListItem","position":2,"name":"Geschichten","item":"https:\/\/www.iglou.world\/de\/stories\/"},{"@type":"ListItem","position":3,"name":"L\u00e1\u010fa und Monika"}]},{"@type":"WebSite","@id":"https:\/\/www.iglou.fr\/fr\/#website","url":"https:\/\/www.iglou.fr\/fr\/","name":"Iglou","description":"","publisher":{"@id":"https:\/\/www.iglou.fr\/fr\/#organization"},"potentialAction":[{"@type":"SearchAction","target":{"@type":"EntryPoint","urlTemplate":"https:\/\/www.iglou.fr\/fr\/?s={search_term_string}"},"query-input":"required name=search_term_string"}],"inLanguage":"de"},{"@type":"Organization","@id":"https:\/\/www.iglou.fr\/fr\/#organization","name":"Iglou","url":"https:\/\/www.iglou.fr\/fr\/","logo":{"@type":"ImageObject","inLanguage":"de","@id":"https:\/\/www.iglou.fr\/fr\/#\/schema\/logo\/image\/","url":"https:\/\/www.iglou.world\/wp-content\/uploads\/2021\/03\/logo-iglou.svg","contentUrl":"https:\/\/www.iglou.world\/wp-content\/uploads\/2021\/03\/logo-iglou.svg","width":156,"height":94,"caption":"Iglou"},"image":{"@id":"https:\/\/www.iglou.fr\/fr\/#\/schema\/logo\/image\/"}}]}},"_links":{"self":[{"href":"https:\/\/www.iglou.world\/de\/wp-json\/wp\/v2\/stories\/1824","targetHints":{"allow":["GET"]}}],"collection":[{"href":"https:\/\/www.iglou.world\/de\/wp-json\/wp\/v2\/stories"}],"about":[{"href":"https:\/\/www.iglou.world\/de\/wp-json\/wp\/v2\/types\/stories"}],"version-history":[{"count":2,"href":"https:\/\/www.iglou.world\/de\/wp-json\/wp\/v2\/stories\/1824\/revisions"}],"predecessor-version":[{"id":2152,"href":"https:\/\/www.iglou.world\/de\/wp-json\/wp\/v2\/stories\/1824\/revisions\/2152"}],"wp:featuredmedia":[{"embeddable":true,"href":"https:\/\/www.iglou.world\/de\/wp-json\/wp\/v2\/media\/277"}],"wp:attachment":[{"href":"https:\/\/www.iglou.world\/de\/wp-json\/wp\/v2\/media?parent=1824"}],"curies":[{"name":"wp","href":"https:\/\/api.w.org\/{rel}","templated":true}]}}